{"id":578,"date":"2022-01-13T18:00:54","date_gmt":"2022-01-13T18:00:54","guid":{"rendered":"http:\/\/hommage-institut.de\/?p=578"},"modified":"2025-10-25T22:20:49","modified_gmt":"2025-10-25T22:20:49","slug":"578","status":"publish","type":"post","link":"https:\/\/hommage-institut.de\/psychologischepraxis\/578\/Blog","title":{"rendered":"Neue Erfahrungen und Erkenntnisse&#8230;"},"content":{"rendered":"<p>[et_pb_section fb_built=&#8220;1&#8243; _builder_version=&#8220;4.16&#8243; global_colors_info=&#8220;{}&#8220;][et_pb_row _builder_version=&#8220;4.16&#8243; background_size=&#8220;initial&#8220; background_position=&#8220;top_left&#8220; background_repeat=&#8220;repeat&#8220; global_colors_info=&#8220;{}&#8220;][et_pb_column type=&#8220;4_4&#8243; _builder_version=&#8220;4.16&#8243; custom_padding=&#8220;|||&#8220; global_colors_info=&#8220;{}&#8220; custom_padding__hover=&#8220;|||&#8220;][et_pb_text _builder_version=&#8220;4.27.4&#8243; background_size=&#8220;initial&#8220; background_position=&#8220;top_left&#8220; background_repeat=&#8220;repeat&#8220; hover_enabled=&#8220;0&#8243; global_colors_info=&#8220;{}&#8220; text_font_size=&#8220;18px&#8220; text_line_height=&#8220;1.8em&#8220; text_orientation=&#8220;center&#8220; background_layout=&#8220;dark&#8220; sticky_enabled=&#8220;0&#8243;]<\/p>\n<p>&nbsp;<\/p>\n<p>&nbsp;<\/p>\n<p>&#8222;Ein nachhaltiger Wellness-Tag f\u00fcr K\u00f6rper und<br \/>Seele, in wohltuender Atmosph\u00e4re und<br \/>wertsch\u00e4tzendem Miteinander &#8211; angereichert<br \/>mit neuen Erfahrungen und Erkenntnissen!&#8220; J.S. aus Offenbach<\/p>\n<p>[\/et_pb_text][\/et_pb_column][\/et_pb_row][\/et_pb_section]<\/p>\n","protected":false},"excerpt":{"rendered":"<p>&nbsp; &nbsp; &#8222;Ein nachhaltiger Wellness-Tag f\u00fcr K\u00f6rper undSeele, in wohltuender Atmosph\u00e4re undwertsch\u00e4tzendem Miteinander &#8211; angereichertmit neuen Erfahrungen und Erkenntnissen!&#8220; J.S. aus Offenbach<\/p>\n","protected":false},"author":1,"featured_media":0,"comment_status":"closed","ping_status":"closed","sticky":false,"template":"","format":"standard","meta":{"_et_pb_use_builder":"on","_et_pb_old_content":"<p>\"Ein nachhaltiger Wellness-Tag f\u00fcr K\u00f6rper und<br \/>Seele, in wohltuender Atmosph\u00e4re und<br \/>wertsch\u00e4tzendem Miteinander - angereichert<br \/>mit neuen Erfahrungen und Erkenntnissen!\" J.S. aus Offenbach<\/p>","_et_gb_content_width":"","footnotes":""},"categories":[10],"tags":[],"class_list":["post-578","post","type-post","status-publish","format-standard","hentry","category-circle-feedbacks"],"_links":{"self":[{"href":"https:\/\/hommage-institut.de\/psychologischepraxis\/wp-json\/wp\/v2\/posts\/578","targetHints":{"allow":["GET"]}}],"collection":[{"href":"https:\/\/hommage-institut.de\/psychologischepraxis\/wp-json\/wp\/v2\/posts"}],"about":[{"href":"https:\/\/hommage-institut.de\/psychologischepraxis\/wp-json\/wp\/v2\/types\/post"}],"author":[{"embeddable":true,"href":"https:\/\/hommage-institut.de\/psychologischepraxis\/wp-json\/wp\/v2\/users\/1"}],"replies":[{"embeddable":true,"href":"https:\/\/hommage-institut.de\/psychologischepraxis\/wp-json\/wp\/v2\/comments?post=578"}],"version-history":[{"count":3,"href":"https:\/\/hommage-institut.de\/psychologischepraxis\/wp-json\/wp\/v2\/posts\/578\/revisions"}],"predecessor-version":[{"id":6052,"href":"https:\/\/hommage-institut.de\/psychologischepraxis\/wp-json\/wp\/v2\/posts\/578\/revisions\/6052"}],"wp:attachment":[{"href":"https:\/\/hommage-institut.de\/psychologischepraxis\/wp-json\/wp\/v2\/media?parent=578"}],"wp:term":[{"taxonomy":"category","embeddable":true,"href":"https:\/\/hommage-institut.de\/psychologischepraxis\/wp-json\/wp\/v2\/categories?post=578"},{"taxonomy":"post_tag","embeddable":true,"href":"https:\/\/hommage-institut.de\/psychologischepraxis\/wp-json\/wp\/v2\/tags?post=578"}],"curies":[{"name":"wp","href":"https:\/\/api.w.org\/{rel}","templated":true}]}}